{"id":87,"date":"2015-06-22T09:22:24","date_gmt":"2015-06-22T07:22:24","guid":{"rendered":"http:\/\/www.soscasa-onlus.it\/soscasa\/?p=87"},"modified":"2015-06-22T09:36:04","modified_gmt":"2015-06-22T07:36:04","slug":"abbe-pierre","status":"publish","type":"post","link":"https:\/\/www.soscasa-onlus.it\/soscasa\/2015\/06\/22\/abbe-pierre\/","title":{"rendered":"Abb\u00e9 Pierre"},"content":{"rendered":"<p style=\"text-align: justify;\">ESEMPIO DA SEGUIRE: l\u2019Abb\u00e9 Pierre, fondatore di Emmaus, il movimento che ha dato origine a centinaia di Comunit\u00e0 in tutto il mondo, mediante il lavoro di recupero e riutilizzo degli scarti, vuole ridare dignit\u00e0 e fiducia ai poveri i quali diventano essi stessi testimoni e donatori per chi ha e non fa nulla.<\/p>\n","protected":false},"excerpt":{"rendered":"<p>ESEMPIO DA SEGUIRE: l\u2019Abb\u00e9 Pierre, fondatore di Emmaus, il movimento che ha dato origine a centinaia di Comunit\u00e0 in tutto il mondo, mediante il lavoro di recupero e riutilizzo degli scarti, vuole ridare dignit\u00e0 e fiducia ai poveri i quali diventano essi stessi testimoni e donatori per chi ha e non fa nulla.<\/p>\n","protected":false},"author":1,"featured_media":88,"comment_status":"open","ping_status":"open","sticky":false,"template":"","format":"standard","meta":{"ngg_post_thumbnail":0},"categories":[11],"tags":[],"acf":[],"views":677,"_links":{"self":[{"href":"https:\/\/www.soscasa-onlus.it\/soscasa\/wp-json\/wp\/v2\/posts\/87"}],"collection":[{"href":"https:\/\/www.soscasa-onlus.it\/soscasa\/wp-json\/wp\/v2\/posts"}],"about":[{"href":"https:\/\/www.soscasa-onlus.it\/soscasa\/wp-json\/wp\/v2\/types\/post"}],"author":[{"embeddable":true,"href":"https:\/\/www.soscasa-onlus.it\/soscasa\/wp-json\/wp\/v2\/users\/1"}],"replies":[{"embeddable":true,"href":"https:\/\/www.soscasa-onlus.it\/soscasa\/wp-json\/wp\/v2\/comments?post=87"}],"version-history":[{"count":3,"href":"https:\/\/www.soscasa-onlus.it\/soscasa\/wp-json\/wp\/v2\/posts\/87\/revisions"}],"predecessor-version":[{"id":95,"href":"https:\/\/www.soscasa-onlus.it\/soscasa\/wp-json\/wp\/v2\/posts\/87\/revisions\/95"}],"wp:featuredmedia":[{"embeddable":true,"href":"https:\/\/www.soscasa-onlus.it\/soscasa\/wp-json\/wp\/v2\/media\/88"}],"wp:attachment":[{"href":"https:\/\/www.soscasa-onlus.it\/soscasa\/wp-json\/wp\/v2\/media?parent=87"}],"wp:term":[{"taxonomy":"category","embeddable":true,"href":"https:\/\/www.soscasa-onlus.it\/soscasa\/wp-json\/wp\/v2\/categories?post=87"},{"taxonomy":"post_tag","embeddable":true,"href":"https:\/\/www.soscasa-onlus.it\/soscasa\/wp-json\/wp\/v2\/tags?post=87"}],"curies":[{"name":"wp","href":"https:\/\/api.w.org\/{rel}","templated":true}]}}